{"id":2006,"date":"2021-02-25T21:33:46","date_gmt":"2021-02-25T21:33:46","guid":{"rendered":"https:\/\/www.onetribe.foundation\/nepomaham-preto-ze-mam-vela-pomaham-preto-lebo-si-pamatam-ked-som-nemala-nic-2\/"},"modified":"2023-10-02T18:43:39","modified_gmt":"2023-10-02T18:43:39","slug":"nepomaham-preto-ze-mam-vela-pomaham-preto-lebo-si-pamatam-ked-som-nemala-nic","status":"publish","type":"post","link":"https:\/\/www.onetribe.foundation\/en\/nepomaham-preto-ze-mam-vela-pomaham-preto-lebo-si-pamatam-ked-som-nemala-nic\/","title":{"rendered":"Nepom\u00e1ham preto, lebo&#8230;.."},"content":{"rendered":"<p>Obr\u00e1zky \u017eobraj\u00facich hladn\u00fdch det\u00ed v\u00e1s dojm\u00fa, ale vidie\u0165 \u017eivot chudobn\u00fdch det\u00ed na vlastn\u00e9 o\u010di, to je \u00faplne nie\u010do in\u00e9. <img decoding=\"async\" class=\"size-medium wp-image-1154 alignright lazyautosizes ls-is-cached lazyloaded\" src=\"https:\/\/onetribe.foundation\/wp-content\/uploads\/2021\/02\/20210125_0948431-166x300.jpg\" sizes=\"166px\" srcset=\"https:\/\/www.onetribe.foundation\/wp-content\/uploads\/2021\/02\/20210125_0948431-166x300.jpg 166w, https:\/\/www.onetribe.foundation\/wp-content\/uploads\/2021\/02\/20210125_0948431-20x36.jpg 20w\" alt=\"\" width=\"166\" height=\"300\" data-src=\"https:\/\/onetribe.foundation\/wp-content\/uploads\/2021\/02\/20210125_0948431-166x300.jpg\" data-sizes=\"auto\" data-srcset=\"https:\/\/www.onetribe.foundation\/wp-content\/uploads\/2021\/02\/20210125_0948431-166x300.jpg 166w, https:\/\/www.onetribe.foundation\/wp-content\/uploads\/2021\/02\/20210125_0948431-20x36.jpg 20w\" \/>Zrazu ste postaven\u00ed pred realitu ich \u017eivota a jedin\u00e9, \u010do v\u00e1m beh\u00e1 mys\u013eou je ot\u00e1zka pre\u010do? M\u00f4\u017eete si t\u00fato ot\u00e1zku kl\u00e1s\u0165 dookola ka\u017ed\u00fd de\u0148, a aj tak nen\u00e1jdete odpove\u010f, ktor\u00e1 by pomohla aspo\u0148 trochu zmierni\u0165 dopad ich \u017eivotnej situ\u00e1cie na ich \u017eivot samotn\u00fd.<\/p>\n<p>My\u0161lienka vytvorenia nad\u00e1cie a programu podpory pre deti a ml\u00e1de\u017e vo mne tkvela roky. A ako som u\u017e povedala, mus\u00edte stretn\u00fa\u0165 t\u00fdch spr\u00e1vnych \u013eud\u00ed, ktor\u00ed v\u00e1s uved\u00fa do problematiky tak hlboko, \u017ee pochop\u00edte, \u017ee ka\u017ed\u00e1, hoci aj mal\u00e1 pomoc je potrebn\u00e1 a d\u00f4le\u017eit\u00e1. Dreven\u00e9 b\u00fady s plechov\u00fdmi strechami a s pr\u00edstupom k vode len niekde na ulici. Elektrika, ak m\u00e1te \u0161\u0165astie, tak na p\u00e1r hod\u00edn do d\u0148a, v od\u013eahl\u00fdch oblastiach ani to nie. Var\u00ed sa na peci na drevo alebo uhlie, v\u00e4\u010d\u0161inou na otvorenom ohni. Deti pobehuj\u00face po pra\u0161n\u00fdch cest\u00e1ch. Aj ke\u010f to, \u010do si my predstavujeme pod slovom cesta, m\u00e1 od t\u00fdch ich ciest poriadne \u010faleko. Je to akoby ste \u0161li niekde pomedzi polia, po ceste plnej v\u00fdmo\u013eov, j\u00e1m a prachu. \u0160koly s\u00fa v\u00e4\u010d\u0161inou dvojzmenn\u00e9, v triede aj 50 det\u00ed.<\/p>\n<p>Len\u017ee \u010do s t\u00fdm, ako z toho von? Ako zmierni\u0165 dopad nez\u00e1ujmu politikov o \u017eivot det\u00ed v ich vlastnej krajine? Deti a mlad\u00ed \u013eudia s\u00fa bud\u00facnos\u0165 ka\u017edej krajiny. Ako bude \u017eivot v t\u00fdchto \u0161t\u00e1toch vyzera\u0165, ak sa de\u0165om a mlad\u00fdm \u013eu\u010fom nebude venova\u0165 \u017eiadna pozornos\u0165 v r\u00e1mci vzdel\u00e1vania? D\u00f4le\u017eitej\u0161ie, a ove\u013ea efekt\u00edvnej\u0161ie ako kr\u00fati\u0165 hlavou nad bizardn\u00fdmi rozhodnutiami politikov, je venova\u0165 \u010das a energiu veciam a projektom, ktor\u00e9 maj\u00fa ozajstn\u00fd zmysel.<img fetchpriority=\"high\" decoding=\"async\" class=\"size-medium wp-image-1152 alignleft lazyautosizes ls-is-cached lazyloaded\" src=\"https:\/\/onetribe.foundation\/wp-content\/uploads\/2021\/02\/20210115_0845541-169x300.jpg\" sizes=\"169px\" srcset=\"https:\/\/www.onetribe.foundation\/wp-content\/uploads\/2021\/02\/20210115_0845541-169x300.jpg 169w, https:\/\/www.onetribe.foundation\/wp-content\/uploads\/2021\/02\/20210115_0845541-20x36.jpg 20w\" alt=\"\" width=\"169\" height=\"300\" data-src=\"https:\/\/onetribe.foundation\/wp-content\/uploads\/2021\/02\/20210115_0845541-169x300.jpg\" data-sizes=\"auto\" data-srcset=\"https:\/\/www.onetribe.foundation\/wp-content\/uploads\/2021\/02\/20210115_0845541-169x300.jpg 169w, https:\/\/www.onetribe.foundation\/wp-content\/uploads\/2021\/02\/20210115_0845541-20x36.jpg 20w\" \/><\/p>\n<p>Pre n\u00e1s je jedn\u00fdm z nich pre tento rok vytvorenie projektu na podporu vzdel\u00e1vania a vo\u013eno\u010dasov\u00fdch aktiv\u00edt. V\u010faka \u0161kole, a aj mimo\u0161kolsk\u00fdm aktivit\u00e1m, maj\u00fa deti \u0161ancu na ove\u013ea kvalitnej\u0161\u00ed \u017eivot a je vysok\u00e1 pravdepodobnos\u0165, \u017ee v\u010faka vzdelaniu, neostan\u00fa \u017ei\u0165 na ulici medzi kr\u00e1de\u017eami a drogami. Hoci mnoh\u00e9 z det\u00ed maj\u00fa rodi\u010dov, ktor\u00ed sa sna\u017eia aspo\u0148 nie\u010do dopestova\u0165 na svojich farm\u00e1ch a preda\u0165 na trhu, hoci mnoh\u00e9 z det\u00ed maj\u00fa kde spa\u0165, mnoh\u00e9 z nich aj tak nemaj\u00fa financie na to, aby \u0161tudovali.<\/p>\n<p><img decoding=\"async\" class=\"wp-image-429 alignright lazyload\" src=\"data:image\/gif;base64,R0lGODlhAQABAAAAACH5BAEKAAEALAAAAAABAAEAAAICTAEAOw==\" data-src=\"https:\/\/onetribe.foundation\/wp-content\/uploads\/2020\/10\/bill-wegener-LqOO5Ko0zSo-unsplash-300x207.jpg\" alt=\"\" width=\"267\" height=\"184\" data-sizes=\"auto\" data-srcset=\"https:\/\/www.onetribe.foundation\/wp-content\/uploads\/2020\/10\/bill-wegener-LqOO5Ko0zSo-unsplash-300x207.jpg 300w, https:\/\/www.onetribe.foundation\/wp-content\/uploads\/2020\/10\/bill-wegener-LqOO5Ko0zSo-unsplash-20x14.jpg 20w, https:\/\/www.onetribe.foundation\/wp-content\/uploads\/2020\/10\/bill-wegener-LqOO5Ko0zSo-unsplash-190x131.jpg 190w\" sizes=\"(max-width: 267px) 100vw, 267px\" \/><\/p>\n<p>Mnohokr\u00e1t sa stret\u00e1vam s \u013eu\u010fmi, ktor\u00ed s\u00fa nespokojn\u00ed\u00a0 s vlastnou\u00a0 \u017eivotnou situ\u00e1ciou. Napriek tomu, \u017ee n\u00e1m v podstate ni\u010d z\u00e1sadn\u00e9 nech\u00fdba, sme mnohokr\u00e1t frustrovan\u00ed a pre nie\u010do ne\u0161\u0165astn\u00ed. Prostredn\u00edctvom ONETRIBE FOUNDATION v\u00e1m pon\u00fakame mo\u017enos\u0165 pozrie\u0165 sa cez na\u0161u nad\u00e1ciu na \u017eivot \u013eud\u00ed a det\u00ed, kde zobudi\u0165 sa znamen\u00e1 z\u00e1zrak a kde v\u0161etci \u010fakuj\u00fa, \u017ee im bol dopriaty \u010fal\u0161\u00ed de\u0148. Pozrie\u0165 sa na \u017eivot o\u010dami t\u00fdch, ktor\u00ed s\u00fa denne postaven\u00ed pred ot\u00e1zku pre\u017eitia. Skuto\u010dn\u00e9ho pre\u017eitia. \u010ci u\u017e hovor\u00edme o nedostatku jedla, financi\u00ed, o n\u00e1sil\u00ed, o \u010domko\u013evek, s \u010d\u00edm sme sa my v na\u0161ich \u017eivotoch ur\u010dite nestretli.<\/p>\n<p>Neviem, \u010di si to dostato\u010dne uvedomujeme, ale my naozaj m\u00e1me t\u00fa vymo\u017eenos\u0165, \u017ee m\u00f4\u017eeme spozn\u00e1va\u0165 \u017eivot v in\u00fdch krajin\u00e1ch, spozn\u00e1va\u0165 in\u00e9 kult\u00fary a in\u00fd sp\u00f4sob \u017eitia a t\u00fdm p\u00e1dom aj ten n\u00e1\u0161 vlastn\u00fd vidie\u0165 z inej perspekt\u00edvy. Je samozrejme na n\u00e1s, \u010di chceme ma\u0165 o\u010di zatvoren\u00e9 pred realitou, ktor\u00fa uvid\u00edme, alebo ich otvor\u00edme a povieme si, \u017ee pom\u00f4\u017eeme.<\/p>\n<p>Na mojich cest\u00e1ch som sa mnohokr\u00e1t stretla s realitou chudoby takou ak\u00e1 naozaj je. A nielen na cest\u00e1ch&#8230; Ako som u\u017e spomenula, vytvori\u0165 nad\u00e1ciu tkvelo vo mne d\u00e1vno, ale a\u017e t\u00ed \u013eudia, ktor\u00fdch mi \u017eivot postavil do cesty, mi dali silu a energiu na to, aby sa my\u0161lienka stala skuto\u010dnos\u0165ou. Stretla som sa s \u013eu\u010fmi, ktor\u00ed ma in\u0161pirovali a neust\u00e1le in\u0161piruj\u00fa a nesmierne obohacuj\u00fa.<\/p>\n<p><img loading=\"lazy\" decoding=\"async\" class=\"wp-image-649 alignleft lazyload\" src=\"data:image\/gif;base64,R0lGODlhAQABAAAAACH5BAEKAAEALAAAAAABAAEAAAICTAEAOw==\" data-src=\"https:\/\/onetribe.foundation\/wp-content\/uploads\/2020\/10\/20201014_173148-175x300.jpg\" alt=\"\" width=\"149\" height=\"255\" data-sizes=\"auto\" data-srcset=\"https:\/\/www.onetribe.foundation\/wp-content\/uploads\/2020\/10\/20201014_173148-175x300.jpg 175w, https:\/\/www.onetribe.foundation\/wp-content\/uploads\/2020\/10\/20201014_173148-20x34.jpg 20w\" sizes=\"(max-width: 149px) 100vw, 149px\" \/><\/p>\n<p>Pri ka\u017edom mojom z\u00e1sadnom \u201eprobl\u00e9me\u201c sa zam\u00fd\u0161\u013eam nad t\u00fdm, \u010do tak\u00e9 neprekonate\u013en\u00e9 rie\u0161im a spomeniem si na to zn\u00e1me \u201epokia\u013e nejde o \u017eivot, nejde o ni\u010d\u201c. \u010c\u00edm viac toho vid\u00edm, \u010d\u00edm viac toho po\u010d\u00favam, \u010d\u00edm viac som zainteresovan\u00e1 do ich \u017eivotov, t\u00fdm viac som v\u010fa\u010dn\u00e1 za \u017eivot, ktor\u00fd m\u00e1m a t\u00fdm viac som rozhodnut\u00e1 a presved\u010den\u00e1, \u017ee da\u0165 \u0161ancu na lep\u0161\u00ed \u017eivot in\u00fdm, je moja nielen povinnos\u0165 ale hlavne chcenie. Neust\u00e1le si kladiem ot\u00e1zku, ako by vyzeral \u017eivot toho \u010dloveka alebo die\u0165a\u0165a, keby mal \u0161ancu \u017ei\u0165 v podmienkach ak\u00e9 m\u00e1me my\u2026 ?<\/p>\n<p><img loading=\"lazy\" decoding=\"async\" class=\"size-medium wp-image-1172 lazyautosizes ls-is-cached lazyloaded alignright\" src=\"https:\/\/onetribe.foundation\/wp-content\/uploads\/2021\/02\/IMG-20201113-WA00101-225x300.jpg\" sizes=\"225px\" srcset=\"https:\/\/www.onetribe.foundation\/wp-content\/uploads\/2021\/02\/IMG-20201113-WA00101-225x300.jpg 225w, https:\/\/www.onetribe.foundation\/wp-content\/uploads\/2021\/02\/IMG-20201113-WA00101-190x253.jpg 190w, https:\/\/www.onetribe.foundation\/wp-content\/uploads\/2021\/02\/IMG-20201113-WA00101-20x27.jpg 20w\" alt=\"\" width=\"225\" height=\"300\" data-src=\"https:\/\/onetribe.foundation\/wp-content\/uploads\/2021\/02\/IMG-20201113-WA00101-225x300.jpg\" data-sizes=\"auto\" data-srcset=\"https:\/\/www.onetribe.foundation\/wp-content\/uploads\/2021\/02\/IMG-20201113-WA00101-225x300.jpg 225w, https:\/\/www.onetribe.foundation\/wp-content\/uploads\/2021\/02\/IMG-20201113-WA00101-190x253.jpg 190w, https:\/\/www.onetribe.foundation\/wp-content\/uploads\/2021\/02\/IMG-20201113-WA00101-20x27.jpg 20w\" \/><\/p>\n<p>Projektov, ktor\u00e9 m\u00e1me rozpracovan\u00e9 je viac. Nako\u013eko vzdel\u00e1vanie neznamen\u00e1 len n\u00e1v\u0161tevu \u0161koly. Do nad\u00e1cie chceme zahrn\u00fa\u0165 aj projekty s\u00favisiace s tzv.vo\u013eno\u010dasov\u00fdmi aktivitami, aby mali deti a mlad\u00ed mo\u017enos\u0165 n\u00e1js\u0165 na jednom mieste nie\u010do, \u010domu by sa radi venovali. Postavi\u0165 basketbalov\u00e9 ihrisko, vybudova\u0165 kni\u017enicu, vzdel\u00e1va\u0165 mlad\u00fdch \u013eud\u00ed a deti v environment\u00e1lnych ot\u00e1zkach, nako\u013eko t\u00e9ma zne\u010distenia africk\u00fdch kraj\u00edn je absol\u00fatne prioritn\u00e1.<\/p>\n<p>Nehovor\u00edm, \u017ee zmen\u00edme svet cel\u00fd, hovor\u00edm o tom, \u017ee dok\u00e1\u017eeme zmeni\u0165 svet teda \u017eivot a poh\u013ead na\u0148 mnoh\u00fdm \u013eu\u010fom, ktor\u00ed zase dok\u00e1\u017eu zmeni\u0165 \u017eivot in\u00fdm \u013eu\u010fom. Da\u0165 mo\u017enos\u0165 de\u0165om a mlad\u00fdm \u013eu\u010fom vidie\u0165 \u017eivot aj z inej perspekt\u00edvy, nau\u010di\u0165 ich, \u017ee \u0161port, \u010d\u00edtanie, cestovanie, \u010di in\u00e9 aktivity s\u00fa pre ne ve\u013emi d\u00f4le\u017eit\u00e9, je nie\u010do, \u010do m\u00f4\u017ee definit\u00edvne zmeni\u0165 ich poh\u013ead na \u017eivot. Da\u0165 aspo\u0148 mal\u00fa n\u00e1dej a mo\u017enos\u0165 napredovania, vzdelania \u010di pr\u00e1ce je ve\u013ek\u00e1 vec, lebo pre mnoh\u00fdch \u013eud\u00ed v krajin\u00e1ch tretieho sveta, sa javia v\u0161etky tieto veci ako nedosiahnute\u013en\u00e9.<\/p>\n<p><img loading=\"lazy\" decoding=\"async\" class=\"size-medium wp-image-1147 alignright lazyload\" src=\"data:image\/gif;base64,R0lGODlhAQABAAAAACH5BAEKAAEALAAAAAABAAEAAAICTAEAOw==\" data-src=\"https:\/\/onetribe.foundation\/wp-content\/uploads\/2021\/02\/20210103_1122081-168x300.jpg\" alt=\"\" width=\"168\" height=\"300\" \/><\/p>\n<p>Pom\u00f4c\u0165 niekomu, je nie\u010do, \u010do v\u00e1m d\u00e1 in\u00fd zmysel \u017eivota. Sta\u0148te sa hrdinami \u017eivotn\u00fdch osudov mlad\u00fdch \u013eud\u00ed a det\u00ed, ktor\u00ed bez na\u0161ej spolo\u010dnej pomoci nedok\u00e1\u017eu zmeni\u0165 svoju bud\u00facnos\u0165. Verte, \u017ee to m\u00e1 zmysel. Stretla som skuto\u010dn\u00fdch hrdinov, ktor\u00ed napriek \u0165a\u017ek\u00fdm podmienkam neust\u00e1le pom\u00e1haj\u00fa &#8211; nielen svojim bl\u00edzkym a rodin\u00e1m, ale aj in\u00fdm de\u0165om, s ktor\u00fdmi sa \u017eivot a\u017e tak nehral, priate\u013eom, \u010di star\u00fdm \u013eu\u010fom, ktor\u00fdm by nemal kto pom\u00f4c\u0165. Soci\u00e1lny syst\u00e9m v mnoh\u00fdch krajin\u00e1ch sveta nefunguje v\u00f4bec. A \u010di sa bav\u00edme o vzdel\u00e1van\u00ed alebo zdravotnej starostlivosti, je to v\u00e4\u010d\u0161inou ot\u00e1zka financi\u00ed. Preto veta \u201eaj m\u00e1lo znamen\u00e1 ve\u013ea \u201c je pravda, ktor\u00fa by sme si mali pam\u00e4ta\u0165 a myslie\u0165 na to, \u017ee ka\u017ed\u00e9 darovan\u00e9 euro dok\u00e1\u017ee pom\u00f4c\u0165.<\/p>\n<p>Sta\u0148te\u00a0sa s\u00fa\u010das\u0165ou n\u00e1\u0161ho projektu ONETRIBE FOUNDATION a pom\u00f4\u017ete spolu s nami, krok za krokom, meni\u0165 \u017eivoty det\u00ed a mlad\u00fdch \u013eud\u00ed.<\/p>\n<p><strong>Vzdel\u00e1vanie je cesta.<\/strong><\/p>","protected":false},"excerpt":{"rendered":"<p>Obr\u00e1zky \u017eobraj\u00facich hladn\u00fdch det\u00ed v\u00e1s dojm\u00fa, ale vidie\u0165 \u017eivot chudobn\u00fdch det\u00ed na vlastn\u00e9 o\u010di, to je \u00faplne nie\u010do in\u00e9. Zrazu ste postaven\u00ed pred realitu ich \u017eivota a jedin\u00e9, \u010do v\u00e1m beh\u00e1 mys\u013eou je ot\u00e1zka pre\u010do? M\u00f4\u017eete si t\u00fato ot\u00e1zku kl\u00e1s\u0165 dookola ka\u017ed\u00fd de\u0148, a aj tak nen\u00e1jdete odpove\u010f, ktor\u00e1 by pomohla aspo\u0148 trochu zmierni\u0165 dopad&hellip;<\/p>","protected":false},"author":2,"featured_media":846,"comment_status":"open","ping_status":"open","sticky":false,"template":"","format":"standard","meta":{"footnotes":""},"categories":[150],"tags":[154,156,182,155,98,196,194,157],"class_list":["post-2006","post","type-post","status-publish","format-standard","has-post-thumbnail","hentry","category-reportaze","tag-deti","tag-ludia","tag-mladi","tag-nadacia","tag-onetribe","tag-pomoc","tag-prilezitost","tag-zivot"],"yoast_head":"<!-- This site is optimized with the Yoast SEO plugin v24.4 - https:\/\/yoast.com\/wordpress\/plugins\/seo\/ -->\n<title>Pomoc | Nig\u00e9ria | Deti | Pr\u00edbeh | \u017divot | Afrika | Nad\u00e1cia Onetribe<\/title>\n<meta name=\"description\" content=\"D\u00f4vod, pre\u010do som vytvoril t\u00fato nad\u00e1ciu \u2714 Niektor\u00ed \u013eudia s\u00fa schopn\u00ed zmeni\u0165 svoj sp\u00f4sob \u017eivota \u2714 Nikto nerozhoduje o tom, kde sa narodili!\" \/>\n<meta name=\"robots\" content=\"index, follow, max-snippet:-1, max-image-preview:large, max-video-preview:-1\" \/>\n<link rel=\"canonical\" href=\"https:\/\/www.onetribe.foundation\/en\/nepomaham-preto-ze-mam-vela-pomaham-preto-lebo-si-pamatam-ked-som-nemala-nic\/\" \/>\n<meta property=\"og:locale\" content=\"en_US\" \/>\n<meta property=\"og:type\" content=\"article\" \/>\n<meta property=\"og:title\" content=\"Pomoc | Nig\u00e9ria | Deti | Pr\u00edbeh | \u017divot | Afrika | Nad\u00e1cia Onetribe\" \/>\n<meta property=\"og:description\" content=\"D\u00f4vod, pre\u010do som vytvoril t\u00fato nad\u00e1ciu \u2714 Niektor\u00ed \u013eudia s\u00fa schopn\u00ed zmeni\u0165 svoj sp\u00f4sob \u017eivota \u2714 Nikto nerozhoduje o tom, kde sa narodili!\" \/>\n<meta property=\"og:url\" content=\"https:\/\/www.onetribe.foundation\/en\/nepomaham-preto-ze-mam-vela-pomaham-preto-lebo-si-pamatam-ked-som-nemala-nic\/\" \/>\n<meta property=\"og:site_name\" content=\"Onetribe Foundation\" \/>\n<meta property=\"article:published_time\" content=\"2021-02-25T21:33:46+00:00\" \/>\n<meta property=\"article:modified_time\" content=\"2023-10-02T18:43:39+00:00\" \/>\n<meta property=\"og:image\" content=\"https:\/\/www.onetribe.foundation\/wp-content\/uploads\/2020\/09\/adrianna-van-groningen-NvD9zZ7nn8Q-unsplash.jpg\" \/>\n\t<meta property=\"og:image:width\" content=\"1600\" \/>\n\t<meta property=\"og:image:height\" content=\"1067\" \/>\n\t<meta property=\"og:image:type\" content=\"image\/jpeg\" \/>\n<meta name=\"author\" content=\"katarina\" \/>\n<meta name=\"twitter:card\" content=\"summary_large_image\" \/>\n<meta name=\"twitter:label1\" content=\"Written by\" \/>\n\t<meta name=\"twitter:data1\" content=\"katarina\" \/>\n\t<meta name=\"twitter:label2\" content=\"Est. reading time\" \/>\n\t<meta name=\"twitter:data2\" content=\"6 minutes\" \/>\n<script type=\"application\/ld+json\" class=\"yoast-schema-graph\">{\"@context\":\"https:\/\/schema.org\",\"@graph\":[{\"@type\":\"Article\",\"@id\":\"https:\/\/www.onetribe.foundation\/nepomaham-preto-ze-mam-vela-pomaham-preto-lebo-si-pamatam-ked-som-nemala-nic\/#article\",\"isPartOf\":{\"@id\":\"https:\/\/www.onetribe.foundation\/nepomaham-preto-ze-mam-vela-pomaham-preto-lebo-si-pamatam-ked-som-nemala-nic\/\"},\"author\":{\"name\":\"katarina\",\"@id\":\"https:\/\/www.onetribe.foundation\/#\/schema\/person\/ef4f5a354877eaa329e377f04283f009\"},\"headline\":\"Nepom\u00e1ham preto, lebo&#8230;..\",\"datePublished\":\"2021-02-25T21:33:46+00:00\",\"dateModified\":\"2023-10-02T18:43:39+00:00\",\"mainEntityOfPage\":{\"@id\":\"https:\/\/www.onetribe.foundation\/nepomaham-preto-ze-mam-vela-pomaham-preto-lebo-si-pamatam-ked-som-nemala-nic\/\"},\"wordCount\":1219,\"commentCount\":0,\"publisher\":{\"@id\":\"https:\/\/www.onetribe.foundation\/#organization\"},\"image\":{\"@id\":\"https:\/\/www.onetribe.foundation\/nepomaham-preto-ze-mam-vela-pomaham-preto-lebo-si-pamatam-ked-som-nemala-nic\/#primaryimage\"},\"thumbnailUrl\":\"https:\/\/www.onetribe.foundation\/wp-content\/uploads\/2020\/09\/adrianna-van-groningen-NvD9zZ7nn8Q-unsplash.jpg\",\"keywords\":[\"deti\",\"ludia\",\"mlad\u00ed\",\"nadacia\",\"onetribe\",\"pomoc\",\"pr\u00edle\u017eitos\u0165\",\"zivot\"],\"articleSection\":[\"Report\u00e1\u017ee\"],\"inLanguage\":\"en-US\",\"potentialAction\":[{\"@type\":\"CommentAction\",\"name\":\"Comment\",\"target\":[\"https:\/\/www.onetribe.foundation\/nepomaham-preto-ze-mam-vela-pomaham-preto-lebo-si-pamatam-ked-som-nemala-nic\/#respond\"]}]},{\"@type\":\"WebPage\",\"@id\":\"https:\/\/www.onetribe.foundation\/nepomaham-preto-ze-mam-vela-pomaham-preto-lebo-si-pamatam-ked-som-nemala-nic\/\",\"url\":\"https:\/\/www.onetribe.foundation\/nepomaham-preto-ze-mam-vela-pomaham-preto-lebo-si-pamatam-ked-som-nemala-nic\/\",\"name\":\"Pomoc | Nig\u00e9ria | Deti | Pr\u00edbeh | \u017divot | Afrika | Nad\u00e1cia Onetribe\",\"isPartOf\":{\"@id\":\"https:\/\/www.onetribe.foundation\/#website\"},\"primaryImageOfPage\":{\"@id\":\"https:\/\/www.onetribe.foundation\/nepomaham-preto-ze-mam-vela-pomaham-preto-lebo-si-pamatam-ked-som-nemala-nic\/#primaryimage\"},\"image\":{\"@id\":\"https:\/\/www.onetribe.foundation\/nepomaham-preto-ze-mam-vela-pomaham-preto-lebo-si-pamatam-ked-som-nemala-nic\/#primaryimage\"},\"thumbnailUrl\":\"https:\/\/www.onetribe.foundation\/wp-content\/uploads\/2020\/09\/adrianna-van-groningen-NvD9zZ7nn8Q-unsplash.jpg\",\"datePublished\":\"2021-02-25T21:33:46+00:00\",\"dateModified\":\"2023-10-02T18:43:39+00:00\",\"description\":\"D\u00f4vod, pre\u010do som vytvoril t\u00fato nad\u00e1ciu \u2714 Niektor\u00ed \u013eudia s\u00fa schopn\u00ed zmeni\u0165 svoj sp\u00f4sob \u017eivota \u2714 Nikto nerozhoduje o tom, kde sa narodili!\",\"breadcrumb\":{\"@id\":\"https:\/\/www.onetribe.foundation\/nepomaham-preto-ze-mam-vela-pomaham-preto-lebo-si-pamatam-ked-som-nemala-nic\/#breadcrumb\"},\"inLanguage\":\"en-US\",\"potentialAction\":[{\"@type\":\"ReadAction\",\"target\":[\"https:\/\/www.onetribe.foundation\/nepomaham-preto-ze-mam-vela-pomaham-preto-lebo-si-pamatam-ked-som-nemala-nic\/\"]}]},{\"@type\":\"ImageObject\",\"inLanguage\":\"en-US\",\"@id\":\"https:\/\/www.onetribe.foundation\/nepomaham-preto-ze-mam-vela-pomaham-preto-lebo-si-pamatam-ked-som-nemala-nic\/#primaryimage\",\"url\":\"https:\/\/www.onetribe.foundation\/wp-content\/uploads\/2020\/09\/adrianna-van-groningen-NvD9zZ7nn8Q-unsplash.jpg\",\"contentUrl\":\"https:\/\/www.onetribe.foundation\/wp-content\/uploads\/2020\/09\/adrianna-van-groningen-NvD9zZ7nn8Q-unsplash.jpg\",\"width\":1600,\"height\":1067},{\"@type\":\"BreadcrumbList\",\"@id\":\"https:\/\/www.onetribe.foundation\/nepomaham-preto-ze-mam-vela-pomaham-preto-lebo-si-pamatam-ked-som-nemala-nic\/#breadcrumb\",\"itemListElement\":[{\"@type\":\"ListItem\",\"position\":1,\"name\":\"Home\",\"item\":\"https:\/\/www.onetribe.foundation\/\"},{\"@type\":\"ListItem\",\"position\":2,\"name\":\"Nepom\u00e1ham preto, lebo&#8230;..\"}]},{\"@type\":\"WebSite\",\"@id\":\"https:\/\/www.onetribe.foundation\/#website\",\"url\":\"https:\/\/www.onetribe.foundation\/\",\"name\":\"Onetribe Foundation\",\"description\":\"Vytv\u00e1rame environment\u00e1lne a vzdel\u00e1vacie projekty v Afrike\",\"publisher\":{\"@id\":\"https:\/\/www.onetribe.foundation\/#organization\"},\"potentialAction\":[{\"@type\":\"SearchAction\",\"target\":{\"@type\":\"EntryPoint\",\"urlTemplate\":\"https:\/\/www.onetribe.foundation\/?s={search_term_string}\"},\"query-input\":{\"@type\":\"PropertyValueSpecification\",\"valueRequired\":true,\"valueName\":\"search_term_string\"}}],\"inLanguage\":\"en-US\"},{\"@type\":\"Organization\",\"@id\":\"https:\/\/www.onetribe.foundation\/#organization\",\"name\":\"Onetribe Foundation\",\"url\":\"https:\/\/www.onetribe.foundation\/\",\"logo\":{\"@type\":\"ImageObject\",\"inLanguage\":\"en-US\",\"@id\":\"https:\/\/www.onetribe.foundation\/#\/schema\/logo\/image\/\",\"url\":\"https:\/\/www.onetribe.foundation\/wp-content\/uploads\/2020\/11\/onetribe-wc-header-310px.png\",\"contentUrl\":\"https:\/\/www.onetribe.foundation\/wp-content\/uploads\/2020\/11\/onetribe-wc-header-310px.png\",\"width\":310,\"height\":100,\"caption\":\"Onetribe Foundation\"},\"image\":{\"@id\":\"https:\/\/www.onetribe.foundation\/#\/schema\/logo\/image\/\"}},{\"@type\":\"Person\",\"@id\":\"https:\/\/www.onetribe.foundation\/#\/schema\/person\/ef4f5a354877eaa329e377f04283f009\",\"name\":\"katarina\",\"image\":{\"@type\":\"ImageObject\",\"inLanguage\":\"en-US\",\"@id\":\"https:\/\/www.onetribe.foundation\/#\/schema\/person\/image\/\",\"url\":\"https:\/\/secure.gravatar.com\/avatar\/16f06fff65d71a0e73d4bde38a34f8b4?s=96&d=mm&r=g\",\"contentUrl\":\"https:\/\/secure.gravatar.com\/avatar\/16f06fff65d71a0e73d4bde38a34f8b4?s=96&d=mm&r=g\",\"caption\":\"katarina\"},\"sameAs\":[\"https:\/\/onetribe.foundation\"],\"url\":\"https:\/\/www.onetribe.foundation\/en\/author\/katarina\/\"}]}<\/script>\n<!-- \/ Yoast SEO plugin. -->","yoast_head_json":{"title":"Pomoc | Nig\u00e9ria | Deti | Pr\u00edbeh | \u017divot | Afrika | Nad\u00e1cia Onetribe","description":"D\u00f4vod, pre\u010do som vytvoril t\u00fato nad\u00e1ciu \u2714 Niektor\u00ed \u013eudia s\u00fa schopn\u00ed zmeni\u0165 svoj sp\u00f4sob \u017eivota \u2714 Nikto nerozhoduje o tom, kde sa narodili!","robots":{"index":"index","follow":"follow","max-snippet":"max-snippet:-1","max-image-preview":"max-image-preview:large","max-video-preview":"max-video-preview:-1"},"canonical":"https:\/\/www.onetribe.foundation\/en\/nepomaham-preto-ze-mam-vela-pomaham-preto-lebo-si-pamatam-ked-som-nemala-nic\/","og_locale":"en_US","og_type":"article","og_title":"Pomoc | Nig\u00e9ria | Deti | Pr\u00edbeh | \u017divot | Afrika | Nad\u00e1cia Onetribe","og_description":"D\u00f4vod, pre\u010do som vytvoril t\u00fato nad\u00e1ciu \u2714 Niektor\u00ed \u013eudia s\u00fa schopn\u00ed zmeni\u0165 svoj sp\u00f4sob \u017eivota \u2714 Nikto nerozhoduje o tom, kde sa narodili!","og_url":"https:\/\/www.onetribe.foundation\/en\/nepomaham-preto-ze-mam-vela-pomaham-preto-lebo-si-pamatam-ked-som-nemala-nic\/","og_site_name":"Onetribe Foundation","article_published_time":"2021-02-25T21:33:46+00:00","article_modified_time":"2023-10-02T18:43:39+00:00","og_image":[{"width":1600,"height":1067,"url":"https:\/\/www.onetribe.foundation\/wp-content\/uploads\/2020\/09\/adrianna-van-groningen-NvD9zZ7nn8Q-unsplash.jpg","type":"image\/jpeg"}],"author":"katarina","twitter_card":"summary_large_image","twitter_misc":{"Written by":"katarina","Est. reading time":"6 minutes"},"schema":{"@context":"https:\/\/schema.org","@graph":[{"@type":"Article","@id":"https:\/\/www.onetribe.foundation\/nepomaham-preto-ze-mam-vela-pomaham-preto-lebo-si-pamatam-ked-som-nemala-nic\/#article","isPartOf":{"@id":"https:\/\/www.onetribe.foundation\/nepomaham-preto-ze-mam-vela-pomaham-preto-lebo-si-pamatam-ked-som-nemala-nic\/"},"author":{"name":"katarina","@id":"https:\/\/www.onetribe.foundation\/#\/schema\/person\/ef4f5a354877eaa329e377f04283f009"},"headline":"Nepom\u00e1ham preto, lebo&#8230;..","datePublished":"2021-02-25T21:33:46+00:00","dateModified":"2023-10-02T18:43:39+00:00","mainEntityOfPage":{"@id":"https:\/\/www.onetribe.foundation\/nepomaham-preto-ze-mam-vela-pomaham-preto-lebo-si-pamatam-ked-som-nemala-nic\/"},"wordCount":1219,"commentCount":0,"publisher":{"@id":"https:\/\/www.onetribe.foundation\/#organization"},"image":{"@id":"https:\/\/www.onetribe.foundation\/nepomaham-preto-ze-mam-vela-pomaham-preto-lebo-si-pamatam-ked-som-nemala-nic\/#primaryimage"},"thumbnailUrl":"https:\/\/www.onetribe.foundation\/wp-content\/uploads\/2020\/09\/adrianna-van-groningen-NvD9zZ7nn8Q-unsplash.jpg","keywords":["deti","ludia","mlad\u00ed","nadacia","onetribe","pomoc","pr\u00edle\u017eitos\u0165","zivot"],"articleSection":["Report\u00e1\u017ee"],"inLanguage":"en-US","potentialAction":[{"@type":"CommentAction","name":"Comment","target":["https:\/\/www.onetribe.foundation\/nepomaham-preto-ze-mam-vela-pomaham-preto-lebo-si-pamatam-ked-som-nemala-nic\/#respond"]}]},{"@type":"WebPage","@id":"https:\/\/www.onetribe.foundation\/nepomaham-preto-ze-mam-vela-pomaham-preto-lebo-si-pamatam-ked-som-nemala-nic\/","url":"https:\/\/www.onetribe.foundation\/nepomaham-preto-ze-mam-vela-pomaham-preto-lebo-si-pamatam-ked-som-nemala-nic\/","name":"Pomoc | Nig\u00e9ria | Deti | Pr\u00edbeh | \u017divot | Afrika | Nad\u00e1cia Onetribe","isPartOf":{"@id":"https:\/\/www.onetribe.foundation\/#website"},"primaryImageOfPage":{"@id":"https:\/\/www.onetribe.foundation\/nepomaham-preto-ze-mam-vela-pomaham-preto-lebo-si-pamatam-ked-som-nemala-nic\/#primaryimage"},"image":{"@id":"https:\/\/www.onetribe.foundation\/nepomaham-preto-ze-mam-vela-pomaham-preto-lebo-si-pamatam-ked-som-nemala-nic\/#primaryimage"},"thumbnailUrl":"https:\/\/www.onetribe.foundation\/wp-content\/uploads\/2020\/09\/adrianna-van-groningen-NvD9zZ7nn8Q-unsplash.jpg","datePublished":"2021-02-25T21:33:46+00:00","dateModified":"2023-10-02T18:43:39+00:00","description":"D\u00f4vod, pre\u010do som vytvoril t\u00fato nad\u00e1ciu \u2714 Niektor\u00ed \u013eudia s\u00fa schopn\u00ed zmeni\u0165 svoj sp\u00f4sob \u017eivota \u2714 Nikto nerozhoduje o tom, kde sa narodili!","breadcrumb":{"@id":"https:\/\/www.onetribe.foundation\/nepomaham-preto-ze-mam-vela-pomaham-preto-lebo-si-pamatam-ked-som-nemala-nic\/#breadcrumb"},"inLanguage":"en-US","potentialAction":[{"@type":"ReadAction","target":["https:\/\/www.onetribe.foundation\/nepomaham-preto-ze-mam-vela-pomaham-preto-lebo-si-pamatam-ked-som-nemala-nic\/"]}]},{"@type":"ImageObject","inLanguage":"en-US","@id":"https:\/\/www.onetribe.foundation\/nepomaham-preto-ze-mam-vela-pomaham-preto-lebo-si-pamatam-ked-som-nemala-nic\/#primaryimage","url":"https:\/\/www.onetribe.foundation\/wp-content\/uploads\/2020\/09\/adrianna-van-groningen-NvD9zZ7nn8Q-unsplash.jpg","contentUrl":"https:\/\/www.onetribe.foundation\/wp-content\/uploads\/2020\/09\/adrianna-van-groningen-NvD9zZ7nn8Q-unsplash.jpg","width":1600,"height":1067},{"@type":"BreadcrumbList","@id":"https:\/\/www.onetribe.foundation\/nepomaham-preto-ze-mam-vela-pomaham-preto-lebo-si-pamatam-ked-som-nemala-nic\/#breadcrumb","itemListElement":[{"@type":"ListItem","position":1,"name":"Home","item":"https:\/\/www.onetribe.foundation\/"},{"@type":"ListItem","position":2,"name":"Nepom\u00e1ham preto, lebo&#8230;.."}]},{"@type":"WebSite","@id":"https:\/\/www.onetribe.foundation\/#website","url":"https:\/\/www.onetribe.foundation\/","name":"Onetribe Foundation","description":"Vytv\u00e1rame environment\u00e1lne a vzdel\u00e1vacie projekty v Afrike","publisher":{"@id":"https:\/\/www.onetribe.foundation\/#organization"},"potentialAction":[{"@type":"SearchAction","target":{"@type":"EntryPoint","urlTemplate":"https:\/\/www.onetribe.foundation\/?s={search_term_string}"},"query-input":{"@type":"PropertyValueSpecification","valueRequired":true,"valueName":"search_term_string"}}],"inLanguage":"en-US"},{"@type":"Organization","@id":"https:\/\/www.onetribe.foundation\/#organization","name":"Onetribe Foundation","url":"https:\/\/www.onetribe.foundation\/","logo":{"@type":"ImageObject","inLanguage":"en-US","@id":"https:\/\/www.onetribe.foundation\/#\/schema\/logo\/image\/","url":"https:\/\/www.onetribe.foundation\/wp-content\/uploads\/2020\/11\/onetribe-wc-header-310px.png","contentUrl":"https:\/\/www.onetribe.foundation\/wp-content\/uploads\/2020\/11\/onetribe-wc-header-310px.png","width":310,"height":100,"caption":"Onetribe Foundation"},"image":{"@id":"https:\/\/www.onetribe.foundation\/#\/schema\/logo\/image\/"}},{"@type":"Person","@id":"https:\/\/www.onetribe.foundation\/#\/schema\/person\/ef4f5a354877eaa329e377f04283f009","name":"katarina","image":{"@type":"ImageObject","inLanguage":"en-US","@id":"https:\/\/www.onetribe.foundation\/#\/schema\/person\/image\/","url":"https:\/\/secure.gravatar.com\/avatar\/16f06fff65d71a0e73d4bde38a34f8b4?s=96&d=mm&r=g","contentUrl":"https:\/\/secure.gravatar.com\/avatar\/16f06fff65d71a0e73d4bde38a34f8b4?s=96&d=mm&r=g","caption":"katarina"},"sameAs":["https:\/\/onetribe.foundation"],"url":"https:\/\/www.onetribe.foundation\/en\/author\/katarina\/"}]}},"_links":{"self":[{"href":"https:\/\/www.onetribe.foundation\/en\/wp-json\/wp\/v2\/posts\/2006","targetHints":{"allow":["GET"]}}],"collection":[{"href":"https:\/\/www.onetribe.foundation\/en\/wp-json\/wp\/v2\/posts"}],"about":[{"href":"https:\/\/www.onetribe.foundation\/en\/wp-json\/wp\/v2\/types\/post"}],"author":[{"embeddable":true,"href":"https:\/\/www.onetribe.foundation\/en\/wp-json\/wp\/v2\/users\/2"}],"replies":[{"embeddable":true,"href":"https:\/\/www.onetribe.foundation\/en\/wp-json\/wp\/v2\/comments?post=2006"}],"version-history":[{"count":6,"href":"https:\/\/www.onetribe.foundation\/en\/wp-json\/wp\/v2\/posts\/2006\/revisions"}],"predecessor-version":[{"id":2382,"href":"https:\/\/www.onetribe.foundation\/en\/wp-json\/wp\/v2\/posts\/2006\/revisions\/2382"}],"wp:featuredmedia":[{"embeddable":true,"href":"https:\/\/www.onetribe.foundation\/en\/wp-json\/wp\/v2\/media\/846"}],"wp:attachment":[{"href":"https:\/\/www.onetribe.foundation\/en\/wp-json\/wp\/v2\/media?parent=2006"}],"wp:term":[{"taxonomy":"category","embeddable":true,"href":"https:\/\/www.onetribe.foundation\/en\/wp-json\/wp\/v2\/categories?post=2006"},{"taxonomy":"post_tag","embeddable":true,"href":"https:\/\/www.onetribe.foundation\/en\/wp-json\/wp\/v2\/tags?post=2006"}],"curies":[{"name":"wp","href":"https:\/\/api.w.org\/{rel}","templated":true}]}}